{"id":516,"date":"2022-02-14T12:39:16","date_gmt":"2022-02-14T12:39:16","guid":{"rendered":"https:\/\/bnssghealthiertogether.org.uk\/?p=516"},"modified":"2022-12-08T11:29:42","modified_gmt":"2022-12-08T11:29:42","slug":"shane-devlin-takes-up-integrated-care-board-ceo-designate-position","status":"publish","type":"post","link":"https:\/\/bnssghealthiertogether.org.uk\/fr\/news\/shane-devlin-takes-up-integrated-care-board-ceo-designate-position\/","title":{"rendered":"Shane Devlin prend la direction g\u00e9n\u00e9rale d\u00e9sign\u00e9e du Conseil des soins int\u00e9gr\u00e9s"},"content":{"rendered":"<div class=\"assembler_default-group assembler_module_group assembler_default-group_1 assembler_module_group_1\"><div class=\"assembler_module_area assembler_module_area_1\"><div class=\"assembler_text-module assembler_module assembler_text-module_1 assembler_module_1  transparent\"><a tabindex=\"-1\" title=\"Section intitul\u00e9e module-1\" id=\"module-1\" href=\"https:\/\/bnssghealthiertogether.org.uk\/fr\/wp-json\/wp\/v2\/posts\/516\/#module-1\" class=\"anchor\"><span class=\"hidden\">Section intitul\u00e9e module-1<\/span><\/a><!-- Template found for text-module - Template: template-text - Matched: _only --><section class=\"w-full mx-auto max-w-content pt-12 sm:pt-24 pb-12 sm:pb-24\">\r\n  <div class=\"entry-content w-full !px-0 max-w-small\">\r\n        <h1>Shane Devlin prend la direction g\u00e9n\u00e9rale d\u00e9sign\u00e9e du Conseil des soins int\u00e9gr\u00e9s<\/h1>\n<p>14 f\u00e9vrier 2022<\/p>\n<p>Shane Devlin a pris ses fonctions de PDG d\u00e9sign\u00e9 du Conseil de soins int\u00e9gr\u00e9s (ICB) pour Bristol, North Somerset et South Gloucestershire (BNSSG) cette semaine.<\/p>\n<p>Shane was Chief Executive of the Southern Health and Care Trust in Northern Ireland prior to his appointment, and was previously Chief Executive of the Northern Ireland Ambulance Service.<\/p>\n<p>Having now moved to Bristol, Shane is now based in 360 in the centre of Bristol:<\/p>\n<blockquote><p>\u201cIt\u2019s a privilege to be here, and I\u2019m looking forward to getting started. I am also very keen to get out and meet as many of our citizens and staff as possible in the coming weeks.<\/p>\n<p>\u201cGreat collaboration is taking place across our health and care system every day, both with and on behalf of the communities we serve. A key aim of the new arrangements will be to make collaboration the normal way of working and therefore we need to make it much simpler for all staff to achieve \u2013 wherever they work in BNSSG.<\/p>\n<p>\u201cBuilding on our partnership is integral to this, and I\u2019m delighted to be playing a role as we progress to the next stage of system development.\u201d<\/p><\/blockquote>\n<p>During the transition period from CCG to ICB, Shane will be working closely with Julia Ross and colleagues across the system to ensure the Integrated Care Board is established and ready for operation on 1 July 2022.<\/p>\n<p>All being well with the passage of the Government\u2019s Health and Care Bill, ICBs are set to exist in statute from 1 July 2022. Clinical Commissioning Groups (CCGs) will be dissolved through the same legislation, with the vast majority of CCG staff transferring to the new organisation. The ICB will form the statutory body within the wider Healthier Together Partnership, with accountability for strategic planning and resource allocation.<\/p>\n<p>You can follow Shane on <a href=\"https:\/\/twitter.com\/devlinshane\" rel=\"noopener\">Twitter<\/a>.<\/p>\n  <\/div>\r\n    <div class=\"mt-5 flex flex-row gap-x-6 uppercase text-lg font-bold text-primary items-center leading-normal\">\n    <div class=\"scriptlesssocialsharing\"><p class=\"scriptlesssocialsharing__heading\">Partager:<\/p><div class=\"scriptlesssocialsharing__buttons\"><a class=\"button twitter\" target=\"_blank\" href=\"https:\/\/twitter.com\/intent\/tweet?text=Shane%20Devlin%20takes%20up%20Integrated%20Care%20Board%20CEO-designate%20position&#038;url=https%3A%2F%2Fbnssghealthiertogether.org.uk%2Ffr%2Fnews%2Fshane-devlin-takes-up-integrated-care-board-ceo-designate-position%2F&#038;via=nhsuk&#038;related=nhsuk\" rel=\"noopener noreferrer nofollow\"><svg xmlns=\"http:\/\/www.w3.org\/2000\/svg\" viewbox=\"0 0 512 512\" class=\"scriptlesssocialsharing__icon twitter\" fill=\"currentcolor\" height=\"1em\" width=\"1em\" aria-hidden=\"true\" focusable=\"false\" role=\"img\"><!--! Font Awesome Pro 6.4.2 by @fontawesome - https:\/\/fontawesome.com License - https:\/\/fontawesome.com\/license (Commercial License) Copyright 2023 Fonticons, Inc. --><path d=\"M389.2 48h70.6L305.6 224.2 487 464H345L233.7 318.6 106.5 464H35.8L200.7 275.5 26.8 48H172.4L272.9 180.9 389.2 48zM364.4 421.8h39.1L151.1 88h-42L364.4 421.8z\"><\/path><\/svg>\n<span class=\"screen-reader-text\">Share on X (Twitter)<\/span><\/a><a class=\"button facebook\" target=\"_blank\" href=\"https:\/\/www.facebook.com\/sharer\/sharer.php?u=https%3A%2F%2Fbnssghealthiertogether.org.uk%2Ffr%2Fnews%2Fshane-devlin-takes-up-integrated-care-board-ceo-designate-position%2F\" rel=\"noopener noreferrer nofollow\"><svg xmlns=\"http:\/\/www.w3.org\/2000\/svg\" viewbox=\"0 0 320 512\" class=\"scriptlesssocialsharing__icon facebook\" fill=\"currentcolor\" height=\"1em\" width=\"1em\" aria-hidden=\"true\" focusable=\"false\" role=\"img\"><!-- Font Awesome Free 5.15.4 by @fontawesome - https:\/\/fontawesome.com License - https:\/\/fontawesome.com\/license\/free (Icons: CC BY 4.0, Fonts: SIL OFL 1.1, Code: MIT License) --><path d=\"M279.14 288l14.22-92.66h-88.91v-60.13c0-25.35 12.42-50.06 52.24-50.06h40.42V6.26S260.43 0 225.36 0c-73.22 0-121.08 44.38-121.08 124.72v70.62H22.89V288h81.39v224h100.17V288z\"><\/path><\/svg>\n<span class=\"screen-reader-text\">Share on Facebook<\/span><\/a><a class=\"button linkedin\" target=\"_blank\" href=\"https:\/\/www.linkedin.com\/shareArticle?mini=1&#038;url=https%3A%2F%2Fbnssghealthiertogether.org.uk%2Ffr%2Fnews%2Fshane-devlin-takes-up-integrated-care-board-ceo-designate-position%2F&#038;title=Shane%20Devlin%20takes%20up%20Integrated%20Care%20Board%20CEO-designate%20position&#038;source=https%3A%2F%2Fbnssghealthiertogether.org.uk%2Ffr&#038;summary=Shane%20Devlin%20has%20started%20in%20post%20as%20CEO-designate%20of%20the%20Integrated%20Care%20Board%20%28ICB%29%20for%20Bristol%2C%20North%20Somerset%20and%20South%20Gloucestershire%20%28BNSSG%29%20this%20week.\" rel=\"noopener noreferrer nofollow\"><svg xmlns=\"http:\/\/www.w3.org\/2000\/svg\" viewbox=\"0 0 448 512\" class=\"scriptlesssocialsharing__icon linkedin\" fill=\"currentcolor\" height=\"1em\" width=\"1em\" aria-hidden=\"true\" focusable=\"false\" role=\"img\"><!-- Font Awesome Free 5.15.4 by @fontawesome - https:\/\/fontawesome.com License - https:\/\/fontawesome.com\/license\/free (Icons: CC BY 4.0, Fonts: SIL OFL 1.1, Code: MIT License) --><path d=\"M100.28 448H7.4V148.9h92.88zM53.79 108.1C24.09 108.1 0 83.5 0 53.8a53.79 53.79 0 0 1 107.58 0c0 29.7-24.1 54.3-53.79 54.3zM447.9 448h-92.68V302.4c0-34.7-.7-79.2-48.29-79.2-48.29 0-55.69 37.7-55.69 76.7V448h-92.78V148.9h89.08v40.8h1.3c12.4-23.5 42.69-48.3 87.88-48.3 94 0 111.28 61.9 111.28 142.3V448z\"><\/path><\/svg>\n<span class=\"screen-reader-text\">Share on LinkedIn<\/span><\/a><a class=\"button email\" href=\"mailto:?body=I%20read%20this%20post%20and%20wanted%20to%20share%20it%20with%20you.%20Here%27s%20the%20link%3A%20https%3A%2F%2Fbnssghealthiertogether.org.uk%2Ffr%2Fnews%2Fshane-devlin-takes-up-integrated-care-board-ceo-designate-position%2F&#038;subject=A%20post%20worth%20sharing%3A%20Shane%20Devlin%20takes%20up%20Integrated%20Care%20Board%20CEO-designate%20position\" rel=\"noopener noreferrer nofollow\" ><svg xmlns=\"http:\/\/www.w3.org\/2000\/svg\" viewbox=\"0 0 512 512\" class=\"scriptlesssocialsharing__icon email\" fill=\"currentcolor\" height=\"1em\" width=\"1em\" aria-hidden=\"true\" focusable=\"false\" role=\"img\"><!-- Font Awesome Free 5.15.4 by @fontawesome - https:\/\/fontawesome.com License - https:\/\/fontawesome.com\/license\/free (Icons: CC BY 4.0, Fonts: SIL OFL 1.1, Code: MIT License) --><path d=\"M502.3 190.8c3.9-3.1 9.7-.2 9.7 4.7V400c0 26.5-21.5 48-48 48H48c-26.5 0-48-21.5-48-48V195.6c0-5 5.7-7.8 9.7-4.7 22.4 17.4 52.1 39.5 154.1 113.6 21.1 15.4 56.7 47.8 92.2 47.6 35.7.3 72-32.8 92.3-47.6 102-74.1 131.6-96.3 154-113.7zM256 320c23.2.4 56.6-29.2 73.4-41.4 132.7-96.3 142.8-104.7 173.4-128.7 5.8-4.5 9.2-11.5 9.2-18.9v-19c0-26.5-21.5-48-48-48H48C21.5 64 0 85.5 0 112v19c0 7.4 3.4 14.3 9.2 18.9 30.6 23.9 40.7 32.4 173.4 128.7 16.8 12.2 50.2 41.8 73.4 41.4z\"><\/path><\/svg>\n<span class=\"screen-reader-text\">Share on Email<\/span><\/a><\/div><\/div>  <\/div>\n<\/section><\/div><!-- .assembler_text-module.assembler_module.assembler_text-module_1.assembler_module_1..transparent --><\/div><!-- .assembler_module_area.assembler_module_area_1 --><\/div><!-- .assembler_default-group.assembler_module_group.assembler_default-group_1.assembler_module_group_1  -->","protected":false},"excerpt":{"rendered":"<p>Shane Devlin a pris ses fonctions de PDG d\u00e9sign\u00e9 du Conseil de soins int\u00e9gr\u00e9s (ICB) pour Bristol, North Somerset et South Gloucestershire (BNSSG) cette semaine.<\/p>","protected":false},"author":7,"featured_media":0,"comment_status":"closed","ping_status":"closed","sticky":false,"template":"","format":"standard","meta":{"_acf_changed":false,"footnotes":""},"categories":[12],"tags":[],"class_list":["post-516","post","type-post","status-publish","format-standard","hentry","category-appointments"],"acf":[],"_links":{"self":[{"href":"https:\/\/bnssghealthiertogether.org.uk\/fr\/wp-json\/wp\/v2\/posts\/516","targetHints":{"allow":["GET"]}}],"collection":[{"href":"https:\/\/bnssghealthiertogether.org.uk\/fr\/wp-json\/wp\/v2\/posts"}],"about":[{"href":"https:\/\/bnssghealthiertogether.org.uk\/fr\/wp-json\/wp\/v2\/types\/post"}],"author":[{"embeddable":true,"href":"https:\/\/bnssghealthiertogether.org.uk\/fr\/wp-json\/wp\/v2\/users\/7"}],"replies":[{"embeddable":true,"href":"https:\/\/bnssghealthiertogether.org.uk\/fr\/wp-json\/wp\/v2\/comments?post=516"}],"version-history":[{"count":8,"href":"https:\/\/bnssghealthiertogether.org.uk\/fr\/wp-json\/wp\/v2\/posts\/516\/revisions"}],"predecessor-version":[{"id":3746,"href":"https:\/\/bnssghealthiertogether.org.uk\/fr\/wp-json\/wp\/v2\/posts\/516\/revisions\/3746"}],"wp:attachment":[{"href":"https:\/\/bnssghealthiertogether.org.uk\/fr\/wp-json\/wp\/v2\/media?parent=516"}],"wp:term":[{"taxonomy":"category","embeddable":true,"href":"https:\/\/bnssghealthiertogether.org.uk\/fr\/wp-json\/wp\/v2\/categories?post=516"},{"taxonomy":"post_tag","embeddable":true,"href":"https:\/\/bnssghealthiertogether.org.uk\/fr\/wp-json\/wp\/v2\/tags?post=516"}],"curies":[{"name":"wp","href":"https:\/\/api.w.org\/{rel}","templated":true}]}}