{"id":516,"date":"2022-02-14T12:39:16","date_gmt":"2022-02-14T12:39:16","guid":{"rendered":"https:\/\/bnssghealthiertogether.org.uk\/?p=516"},"modified":"2022-12-08T11:29:42","modified_gmt":"2022-12-08T11:29:42","slug":"shane-devlin-takes-up-integrated-care-board-ceo-designate-position","status":"publish","type":"post","link":"https:\/\/bnssghealthiertogether.org.uk\/sq\/news\/shane-devlin-takes-up-integrated-care-board-ceo-designate-position\/","title":{"rendered":"Shane Devlin merr pozicionin e em\u00ebruar t\u00eb Drejtorit Ekzekutiv n\u00eb Bordin e Kujdesit t\u00eb Integruar"},"content":{"rendered":"<div class=\"assembler_default-group assembler_module_group assembler_default-group_1 assembler_module_group_1\"><div class=\"assembler_module_area assembler_module_area_1\"><div class=\"assembler_text-module assembler_module assembler_text-module_1 assembler_module_1  transparent\"><a tabindex=\"-1\" title=\"Seksioni me titull module-1\" id=\"module-1\" href=\"https:\/\/bnssghealthiertogether.org.uk\/sq\/wp-json\/wp\/v2\/posts\/516\/#module-1\" class=\"anchor\"><span class=\"hidden\">Seksioni me titull module-1<\/span><\/a><!-- Template found for text-module - Template: template-text - Matched: _only --><section class=\"w-full mx-auto max-w-content pt-12 sm:pt-24 pb-12 sm:pb-24\">\r\n  <div class=\"entry-content w-full !px-0 max-w-small\">\r\n        <h1>Shane Devlin merr pozicionin e em\u00ebruar t\u00eb Drejtorit Ekzekutiv n\u00eb Bordin e Kujdesit t\u00eb Integruar<\/h1>\n<p>14 shkurt 2022<\/p>\n<p>Shane Devlin ka filluar detyr\u00ebn si i em\u00ebruar Drejtor Ekzekutiv i Bordit t\u00eb Kujdesit t\u00eb Integruar (ICB) p\u00ebr Bristolin, North Somerset dhe South Gloucestershire (BNSSG) k\u00ebt\u00eb jav\u00eb.<\/p>\n<p>Shane ishte Drejtor Ekzekutiv i Southern Health and Care Trust n\u00eb Irland\u00ebn e Veriut para em\u00ebrimit t\u00eb tij, dhe m\u00eb par\u00eb ishte Drejtor Ekzekutiv i Sh\u00ebrbimit t\u00eb Ambulanc\u00ebs s\u00eb Irland\u00ebs s\u00eb Veriut.<\/p>\n<p>Tani q\u00eb \u00ebsht\u00eb zhvendosur n\u00eb Bristol, Shane tani bazohet n\u00eb 360 n\u00eb qend\u00ebr t\u00eb Bristolit:<\/p>\n<blockquote><p>\u201c\u00cbsht\u00eb nj\u00eb privilegj t\u00eb jem k\u00ebtu, dhe mezi pres t\u00eb filloj. Gjithashtu, jam shum\u00eb i etur t\u00eb dal dhe t\u00eb takoj sa m\u00eb shum\u00eb nga qytetar\u00ebt dhe stafi yn\u00eb q\u00eb t\u00eb jet\u00eb e mundur n\u00eb jav\u00ebt e ardhshme.<\/p>\n<p>\u201cPo zhvillohet nj\u00eb bashk\u00ebpunim i shk\u00eblqyer \u00e7do dit\u00eb n\u00eb t\u00eb gjith\u00eb sistemin ton\u00eb t\u00eb sh\u00ebndet\u00ebsis\u00eb dhe kujdesit, si me komunitetet q\u00eb ne i sh\u00ebrbejm\u00eb, ashtu edhe n\u00eb em\u00ebr t\u00eb tyre. Nj\u00eb q\u00ebllim kryesor i k\u00ebtyre marr\u00ebveshjeve t\u00eb reja do t\u00eb jet\u00eb q\u00eb bashk\u00ebpunimi t\u00eb b\u00ebhet m\u00ebnyra normale e pun\u00ebs, dhe p\u00ebr k\u00ebt\u00eb arsye duhet ta b\u00ebjm\u00eb shum\u00eb m\u00eb t\u00eb thjesht\u00eb p\u00ebr t\u00eb gjith\u00eb stafin q\u00eb ta realizoj\u00eb \u2013 kudo q\u00eb punojn\u00eb n\u00eb BNSSG.<\/p>\n<p>\u201cNd\u00ebrtimi mbi partneritetin ton\u00eb \u00ebsht\u00eb thelb\u00ebsor p\u00ebr k\u00ebt\u00eb, dhe jam i k\u00ebnaqur q\u00eb po luaj nj\u00eb rol nd\u00ebrsa p\u00ebrparojm\u00eb drejt faz\u00ebs tjet\u00ebr t\u00eb zhvillimit t\u00eb sistemit.\u201d<\/p><\/blockquote>\n<p>Gjat\u00eb periudh\u00ebs s\u00eb tranzicionit nga CCG n\u00eb ICB, Shane do t\u00eb punoj\u00eb ngusht\u00eb me Julia Ross dhe koleg\u00ebt n\u00eb t\u00eb gjith\u00eb sistemin p\u00ebr t\u00eb siguruar q\u00eb Bordi i Kujdesit t\u00eb Integruar t\u00eb themelohet dhe t\u00eb jet\u00eb gati p\u00ebr t'u operuar m\u00eb 1 korrik 2022.<\/p>\n<p>N\u00ebse gjith\u00e7ka shkon mir\u00eb me miratimin e Projektligjit p\u00ebr Sh\u00ebndetin dhe Kujdesin e Qeveris\u00eb, ICB-t\u00eb do t\u00eb ekzistojn\u00eb me statut nga 1 korriku 2022. Grupet e Komisionimit Klinik (CCG-t\u00eb) do t\u00eb shp\u00ebrb\u00ebhen p\u00ebrmes t\u00eb nj\u00ebjtit legjislacion, me shumic\u00ebn d\u00ebrrmuese t\u00eb stafit t\u00eb CCG-ve q\u00eb do t\u00eb transferohet n\u00eb organizat\u00ebn e re. ICB-ja do t\u00eb formoj\u00eb organin statutori brenda partneritetit m\u00eb t\u00eb gjer\u00eb \"Healthier Together\", me p\u00ebrgjegj\u00ebsi p\u00ebr planifikimin strategjik dhe alokimin e burimeve.<\/p>\n<p>Ju mund ta ndiqni Shane n\u00eb <a href=\"https:\/\/twitter.com\/devlinshane\" rel=\"noopener\">Twitter<\/a>.<\/p>\n  <\/div>\r\n    <div class=\"mt-5 flex flex-row gap-x-6 uppercase text-lg font-bold text-primary items-center leading-normal\">\n    <div class=\"scriptlesssocialsharing\"><p class=\"scriptlesssocialsharing__heading\">Ndani:<\/p><div class=\"scriptlesssocialsharing__buttons\"><a class=\"button twitter\" target=\"_blank\" href=\"https:\/\/twitter.com\/intent\/tweet?text=Shane%20Devlin%20takes%20up%20Integrated%20Care%20Board%20CEO-designate%20position&#038;url=https%3A%2F%2Fbnssghealthiertogether.org.uk%2Fsq%2Fnews%2Fshane-devlin-takes-up-integrated-care-board-ceo-designate-position%2F&#038;via=nhsuk&#038;related=nhsuk\" rel=\"noopener noreferrer nofollow\"><svg xmlns=\"http:\/\/www.w3.org\/2000\/svg\" viewbox=\"0 0 512 512\" class=\"scriptlesssocialsharing__icon twitter\" fill=\"currentcolor\" height=\"1em\" width=\"1em\" aria-hidden=\"true\" focusable=\"false\" role=\"img\"><!--! Font Awesome Pro 6.4.2 by @fontawesome - https:\/\/fontawesome.com License - https:\/\/fontawesome.com\/license (Commercial License) Copyright 2023 Fonticons, Inc. --><path d=\"M389.2 48h70.6L305.6 224.2 487 464H345L233.7 318.6 106.5 464H35.8L200.7 275.5 26.8 48H172.4L272.9 180.9 389.2 48zM364.4 421.8h39.1L151.1 88h-42L364.4 421.8z\"><\/path><\/svg>\n<span class=\"screen-reader-text\">Share on X (Twitter)<\/span><\/a><a class=\"button facebook\" target=\"_blank\" href=\"https:\/\/www.facebook.com\/sharer\/sharer.php?u=https%3A%2F%2Fbnssghealthiertogether.org.uk%2Fsq%2Fnews%2Fshane-devlin-takes-up-integrated-care-board-ceo-designate-position%2F\" rel=\"noopener noreferrer nofollow\"><svg xmlns=\"http:\/\/www.w3.org\/2000\/svg\" viewbox=\"0 0 320 512\" class=\"scriptlesssocialsharing__icon facebook\" fill=\"currentcolor\" height=\"1em\" width=\"1em\" aria-hidden=\"true\" focusable=\"false\" role=\"img\"><!-- Font Awesome Free 5.15.4 by @fontawesome - https:\/\/fontawesome.com License - https:\/\/fontawesome.com\/license\/free (Icons: CC BY 4.0, Fonts: SIL OFL 1.1, Code: MIT License) --><path d=\"M279.14 288l14.22-92.66h-88.91v-60.13c0-25.35 12.42-50.06 52.24-50.06h40.42V6.26S260.43 0 225.36 0c-73.22 0-121.08 44.38-121.08 124.72v70.62H22.89V288h81.39v224h100.17V288z\"><\/path><\/svg>\n<span class=\"screen-reader-text\">Share on Facebook<\/span><\/a><a class=\"button linkedin\" target=\"_blank\" href=\"https:\/\/www.linkedin.com\/shareArticle?mini=1&#038;url=https%3A%2F%2Fbnssghealthiertogether.org.uk%2Fsq%2Fnews%2Fshane-devlin-takes-up-integrated-care-board-ceo-designate-position%2F&#038;title=Shane%20Devlin%20takes%20up%20Integrated%20Care%20Board%20CEO-designate%20position&#038;source=https%3A%2F%2Fbnssghealthiertogether.org.uk%2Fsq&#038;summary=Shane%20Devlin%20has%20started%20in%20post%20as%20CEO-designate%20of%20the%20Integrated%20Care%20Board%20%28ICB%29%20for%20Bristol%2C%20North%20Somerset%20and%20South%20Gloucestershire%20%28BNSSG%29%20this%20week.\" rel=\"noopener noreferrer nofollow\"><svg xmlns=\"http:\/\/www.w3.org\/2000\/svg\" viewbox=\"0 0 448 512\" class=\"scriptlesssocialsharing__icon linkedin\" fill=\"currentcolor\" height=\"1em\" width=\"1em\" aria-hidden=\"true\" focusable=\"false\" role=\"img\"><!-- Font Awesome Free 5.15.4 by @fontawesome - https:\/\/fontawesome.com License - https:\/\/fontawesome.com\/license\/free (Icons: CC BY 4.0, Fonts: SIL OFL 1.1, Code: MIT License) --><path d=\"M100.28 448H7.4V148.9h92.88zM53.79 108.1C24.09 108.1 0 83.5 0 53.8a53.79 53.79 0 0 1 107.58 0c0 29.7-24.1 54.3-53.79 54.3zM447.9 448h-92.68V302.4c0-34.7-.7-79.2-48.29-79.2-48.29 0-55.69 37.7-55.69 76.7V448h-92.78V148.9h89.08v40.8h1.3c12.4-23.5 42.69-48.3 87.88-48.3 94 0 111.28 61.9 111.28 142.3V448z\"><\/path><\/svg>\n<span class=\"screen-reader-text\">Share on LinkedIn<\/span><\/a><a class=\"button email\" href=\"mailto:?body=I%20read%20this%20post%20and%20wanted%20to%20share%20it%20with%20you.%20Here%27s%20the%20link%3A%20https%3A%2F%2Fbnssghealthiertogether.org.uk%2Fsq%2Fnews%2Fshane-devlin-takes-up-integrated-care-board-ceo-designate-position%2F&#038;subject=A%20post%20worth%20sharing%3A%20Shane%20Devlin%20takes%20up%20Integrated%20Care%20Board%20CEO-designate%20position\" rel=\"noopener noreferrer nofollow\" ><svg xmlns=\"http:\/\/www.w3.org\/2000\/svg\" viewbox=\"0 0 512 512\" class=\"scriptlesssocialsharing__icon email\" fill=\"currentcolor\" height=\"1em\" width=\"1em\" aria-hidden=\"true\" focusable=\"false\" role=\"img\"><!-- Font Awesome Free 5.15.4 by @fontawesome - https:\/\/fontawesome.com License - https:\/\/fontawesome.com\/license\/free (Icons: CC BY 4.0, Fonts: SIL OFL 1.1, Code: MIT License) --><path d=\"M502.3 190.8c3.9-3.1 9.7-.2 9.7 4.7V400c0 26.5-21.5 48-48 48H48c-26.5 0-48-21.5-48-48V195.6c0-5 5.7-7.8 9.7-4.7 22.4 17.4 52.1 39.5 154.1 113.6 21.1 15.4 56.7 47.8 92.2 47.6 35.7.3 72-32.8 92.3-47.6 102-74.1 131.6-96.3 154-113.7zM256 320c23.2.4 56.6-29.2 73.4-41.4 132.7-96.3 142.8-104.7 173.4-128.7 5.8-4.5 9.2-11.5 9.2-18.9v-19c0-26.5-21.5-48-48-48H48C21.5 64 0 85.5 0 112v19c0 7.4 3.4 14.3 9.2 18.9 30.6 23.9 40.7 32.4 173.4 128.7 16.8 12.2 50.2 41.8 73.4 41.4z\"><\/path><\/svg>\n<span class=\"screen-reader-text\">Share on Email<\/span><\/a><\/div><\/div>  <\/div>\n<\/section><\/div><!-- .assembler_text-module.assembler_module.assembler_text-module_1.assembler_module_1..transparent --><\/div><!-- .assembler_module_area.assembler_module_area_1 --><\/div><!-- .assembler_default-group.assembler_module_group.assembler_default-group_1.assembler_module_group_1  -->","protected":false},"excerpt":{"rendered":"<p>Shane Devlin ka filluar detyr\u00ebn si i em\u00ebruar Drejtor Ekzekutiv i Bordit t\u00eb Kujdesit t\u00eb Integruar (ICB) p\u00ebr Bristolin, North Somerset dhe South Gloucestershire (BNSSG) k\u00ebt\u00eb jav\u00eb.<\/p>","protected":false},"author":7,"featured_media":0,"comment_status":"closed","ping_status":"closed","sticky":false,"template":"","format":"standard","meta":{"_acf_changed":false,"footnotes":""},"categories":[12],"tags":[],"class_list":["post-516","post","type-post","status-publish","format-standard","hentry","category-appointments"],"acf":[],"_links":{"self":[{"href":"https:\/\/bnssghealthiertogether.org.uk\/sq\/wp-json\/wp\/v2\/posts\/516","targetHints":{"allow":["GET"]}}],"collection":[{"href":"https:\/\/bnssghealthiertogether.org.uk\/sq\/wp-json\/wp\/v2\/posts"}],"about":[{"href":"https:\/\/bnssghealthiertogether.org.uk\/sq\/wp-json\/wp\/v2\/types\/post"}],"author":[{"embeddable":true,"href":"https:\/\/bnssghealthiertogether.org.uk\/sq\/wp-json\/wp\/v2\/users\/7"}],"replies":[{"embeddable":true,"href":"https:\/\/bnssghealthiertogether.org.uk\/sq\/wp-json\/wp\/v2\/comments?post=516"}],"version-history":[{"count":8,"href":"https:\/\/bnssghealthiertogether.org.uk\/sq\/wp-json\/wp\/v2\/posts\/516\/revisions"}],"predecessor-version":[{"id":3746,"href":"https:\/\/bnssghealthiertogether.org.uk\/sq\/wp-json\/wp\/v2\/posts\/516\/revisions\/3746"}],"wp:attachment":[{"href":"https:\/\/bnssghealthiertogether.org.uk\/sq\/wp-json\/wp\/v2\/media?parent=516"}],"wp:term":[{"taxonomy":"category","embeddable":true,"href":"https:\/\/bnssghealthiertogether.org.uk\/sq\/wp-json\/wp\/v2\/categories?post=516"},{"taxonomy":"post_tag","embeddable":true,"href":"https:\/\/bnssghealthiertogether.org.uk\/sq\/wp-json\/wp\/v2\/tags?post=516"}],"curies":[{"name":"wp","href":"https:\/\/api.w.org\/{rel}","templated":true}]}}