{"id":12842,"date":"2022-11-23T09:17:27","date_gmt":"2022-11-23T09:17:27","guid":{"rendered":"https:\/\/nhs-icb.bisongrid.dev\/?p=12842"},"modified":"2022-11-23T09:17:27","modified_gmt":"2022-11-23T09:17:27","slug":"new-trial-to-assess-whether-rapid-tests-reduce-antibiotic-prescribing-for-respiratory-infections-in-primary-care","status":"publish","type":"post","link":"https:\/\/bnssghealthiertogether.org.uk\/tr\/news\/new-trial-to-assess-whether-rapid-tests-reduce-antibiotic-prescribing-for-respiratory-infections-in-primary-care\/","title":{"rendered":"H\u0131zl\u0131 testler birinci basamak sa\u011fl\u0131k hizmetlerinde antibiyotik re\u00e7ete edilmesini azalt\u0131r m\u0131?"},"content":{"rendered":"<div class=\"assembler_default-group assembler_module_group assembler_default-group_1 assembler_module_group_1\"><div class=\"assembler_module_area assembler_module_area_1\"><div class=\"assembler_text-module assembler_module assembler_text-module_1 assembler_module_1  transparent\"><a tabindex=\"-1\" title=\"Mod\u00fcl-1 ba\u015fl\u0131kl\u0131 b\u00f6l\u00fcm\" id=\"module-1\" href=\"https:\/\/bnssghealthiertogether.org.uk\/tr\/wp-json\/wp\/v2\/posts\/12842\/#module-1\" class=\"anchor\"><span class=\"hidden\">Mod\u00fcl-1 ba\u015fl\u0131kl\u0131 b\u00f6l\u00fcm<\/span><\/a><!-- Template found for text-module - Template: template-text - Matched: _only --><section class=\"w-full mx-auto max-w-content pt-12 sm:pt-24 pb-12 sm:pb-24\">\r\n  <div class=\"entry-content w-full !px-0 max-w-small\">\r\n        <h1>H\u0131zl\u0131 testler birinci basamak sa\u011fl\u0131k hizmetlerinde antibiyotik re\u00e7ete edilmesini azalt\u0131r m\u0131?<\/h1>\n<p>23 Kas\u0131m 2022<\/p>\n<p>Entegre Bak\u0131m Kurulu taraf\u0131ndan desteklenen ara\u015ft\u0131rmac\u0131lar, Ulusal Sa\u011fl\u0131k ve Bak\u0131m Ara\u015ft\u0131rma Enstit\u00fcs\u00fc&#039;n\u00fcn (NIHR) 1,6 milyon sterlinlik fonu sayesinde, solunum yolu enfeksiyonlar\u0131 i\u00e7in h\u0131zl\u0131 mikrobiyolojik &quot;yerinde&quot; testlerin birinci basamak sa\u011fl\u0131k hizmetlerinde antibiyotik re\u00e7eteleme oran\u0131n\u0131 azalt\u0131p azaltamayaca\u011f\u0131n\u0131 ara\u015ft\u0131racaklar. Laboratuvara g\u00f6nderilmek yerine pratisyen hekim muayenehanelerinde yap\u0131lan bu testler, vir\u00fcs veya bakteri varl\u0131\u011f\u0131n\u0131 tespit ediyor ve sonu\u00e7lar ayn\u0131 g\u00fcn i\u00e7inde al\u0131nabiliyor. Testler, vir\u00fcslerin ve baz\u0131 bakterilerin varl\u0131\u011f\u0131n\u0131 tespit ediyor ve sonu\u00e7lar ayn\u0131 g\u00fcn i\u00e7inde al\u0131nabiliyor.<\/p>\n<p>Her y\u0131l Birle\u015fik Krall\u0131k&#039;ta milyonlarca insan \u00f6ks\u00fcr\u00fck, nezle, g\u00f6\u011f\u00fcs enfeksiyonlar\u0131, bo\u011faz a\u011fr\u0131s\u0131 ve kulak a\u011fr\u0131s\u0131 gibi solunum yolu enfeksiyonlar\u0131 i\u00e7in yard\u0131m ar\u0131yor. Ortalama olarak, pratisyen hekimler ve hem\u015fireler bu hastalar\u0131n yar\u0131s\u0131na antibiyotik veriyor. Bu, gerekenden fazla \u00e7\u00fcnk\u00fc solunum yolu enfeksiyonlar\u0131n\u0131n \u00e7o\u011fu COVID-19 da dahil olmak \u00fczere vir\u00fcslerden kaynaklan\u0131yor, ancak antibiyotikler yaln\u0131zca bakteriler \u00fczerinde etkili. Bu durum gereksiz yere antimikrobiyal direncin (AMR) artmas\u0131na katk\u0131da bulunuyor, ancak klinisyenler her zaman kimin antibiyotiklere ihtiyac\u0131 oldu\u011funu bilmedikleri i\u00e7in, antibiyotikler genellikle &quot;her ihtimale kar\u015f\u0131&quot; veriliyor.<\/p>\n<p>\u00dcreticiler, solunum yolu enfeksiyonlar\u0131yla ili\u015fkili birden fazla vir\u00fcs\u00fc 45 dakika gibi k\u0131sa bir s\u00fcrede tespit edebilen, ayn\u0131 g\u00fcn sonu\u00e7 veren s\u00fcr\u00fcnt\u00fc testleri geli\u015ftiriyorlar; bu da klinisyenlerin antibiyotik re\u00e7ete edip etmeme konusunda ayn\u0131 g\u00fcn karar vermeleri i\u00e7in yeterince h\u0131zl\u0131. 2016 y\u0131l\u0131nda yay\u0131nlanan bir \u0130ngiliz h\u00fck\u00fcmeti incelemesi, antibiyotik kullan\u0131m\u0131n\u0131 iyile\u015ftirmek i\u00e7in kritik \u00f6neme sahip olduklar\u0131n\u0131 belirterek bu testlerin kullan\u0131m\u0131n\u0131 destekliyor.<\/p>\n<p>RAPID-TEST, Bristol \u00dcniversitesi liderli\u011finde y\u00fcr\u00fct\u00fclen, genel t\u0131p prati\u011finde antibiyotik re\u00e7eteleme oran\u0131n\u0131 ger\u00e7ekten azalt\u0131p azaltmad\u0131\u011f\u0131n\u0131 ve nas\u0131l azaltt\u0131\u011f\u0131n\u0131 ara\u015ft\u0131racak b\u00fcy\u00fck \u00f6l\u00e7ekli, randomize kontroll\u00fc bir klinik \u00e7al\u0131\u015fmad\u0131r. Proje, Bristol \u00dcniversitesi ile Bristol, Kuzey Somerset ve G\u00fcney Gloucestershire NHS Entegre Bak\u0131m Kurulu aras\u0131ndaki uzun s\u00fcreli i\u015f birli\u011finin bir par\u00e7as\u0131d\u0131r.<\/p>\n<p><a href=\"https:\/\/research-information.bris.ac.uk\/en\/persons\/alastair-d-hay\" rel=\"noopener\">Profes\u00f6r Alastair Hay<\/a>, \u00c7al\u0131\u015fman\u0131n ba\u015f ara\u015ft\u0131rmac\u0131s\u0131 ve pratisyen hekim olan ki\u015fi, \u015fu kurumda g\u00f6rev yapmaktad\u0131r: <a href=\"http:\/\/www.bristol.ac.uk\/primaryhealthcare\/\" rel=\"noopener\">Akademik Birinci Basamak Sa\u011fl\u0131k Merkezi<\/a> ve <a href=\"https:\/\/bristoltrialscentre.blogs.bristol.ac.uk\/\" rel=\"noopener\">Bristol Deneme Merkezi<\/a> Bristol \u00dcniversitesi&#039;nden \u015f\u00f6yle dedi:<\/p>\n<blockquote><p>\u201cSekt\u00f6r bu testlerin geli\u015ftirilmesine \u00e7ok para yat\u0131r\u0131yor ve NHS i\u00e7in potansiyel gelecekteki maliyet y\u00fcksek. Bu nedenle, rutin bak\u0131ma dahil edilmeden \u00f6nce, k\u0131s\u0131tl\u0131 NHS fonlar\u0131n\u0131n iyi bir \u015fekilde kullan\u0131ld\u0131\u011f\u0131ndan emin olmam\u0131z \u00f6nemlidir. RAPID-TEST gibi iyi y\u00fcr\u00fct\u00fclen bir klinik \u00e7al\u0131\u015fma, bunu \u00f6\u011frenmenin en iyi yoludur.\u201d.<\/p>\n<p>\u201c&quot;\u0130lk bak\u0131\u015fta kullan\u0131lmalar\u0131 gerekti\u011fi a\u00e7\u0131k gibi g\u00f6r\u00fcnse de, maliyetin yan\u0131 s\u0131ra dikkate al\u0131nmas\u0131 gereken ba\u015fka fakt\u00f6rler de vard\u0131r. \u00d6rne\u011fin, bir vir\u00fcs tespit edildi\u011finde, bu onun enfeksiyona neden oldu\u011fu anlam\u0131na gelmez. Baz\u0131 vir\u00fcsler burun ve bo\u011faz\u0131m\u0131zda zarars\u0131z bir \u015fekilde ya\u015fayabilir. Bu nedenle, hem\u015fireler ve pratisyen hekimler, bakteriyel bir enfeksiyonun da mevcut olup olmad\u0131\u011f\u0131 konusunda kendi de\u011ferlendirmelerini yapmal\u0131d\u0131rlar.&quot;.<\/p>\n<p>\u201c\u0130kincisi, hi\u00e7bir test 0% kadar do\u011fru de\u011fildir. \u00d6nemli bir vir\u00fcs mevcutken &#039;vir\u00fcs yok&#039; diyebilir. Bu, hastalara yanl\u0131\u015f tavsiye veya tedavi verilebilece\u011fi anlam\u0131na gelir. Son olarak, antibiyotik re\u00e7ete etme karar\u0131, hasta-hekim etkile\u015fimi ve hastalar\u0131n antibiyotiklere ili\u015fkin beklentileri gibi test sonu\u00e7lar\u0131n\u0131n d\u0131\u015f\u0131nda kalan fakt\u00f6rlerden etkilenebilir.<\/p>\n<p>\u201cBu \u00e7al\u0131\u015fmada t\u00fcm bu fakt\u00f6rleri g\u00f6z \u00f6n\u00fcnde bulunduraca\u011f\u0131z ve ayr\u0131ca h\u0131zl\u0131, yerinde yap\u0131lan testlerin hastalar\u0131n daha \u00e7abuk iyile\u015fmesine yard\u0131mc\u0131 olup olmad\u0131\u011f\u0131n\u0131 da inceleyece\u011fiz. Testlerin antibiyotik re\u00e7eteleme oran\u0131n\u0131 azaltmada etkili oldu\u011fu g\u00f6sterilirse, maliyet etkinli\u011fi konusunda daha fazla ara\u015ft\u0131rma yapaca\u011f\u0131z.\u201d<\/p><\/blockquote>\n<p>AMR&#039;nin g\u00f6revlendirilmesini sa\u011flayan \u0130ngiliz h\u00fck\u00fcmetinin ba\u015fkanl\u0131\u011f\u0131n\u0131 yapan Lord Jim O&#039;Neill <a href=\"https:\/\/amr-review.org\/sites\/default\/files\/160525_Final paper_with cover.pdf\" rel=\"noopener\">g\u00f6zden ge\u00e7irmek<\/a> May\u0131s 2016&#039;da yay\u0131nland\u0131, \u015f\u00f6yle denildi:<\/p>\n<blockquote><p>\u201cBir\u00e7ok ki\u015fi, antibiyotik direnci incelemesinin gereksiz antibiyotik kullan\u0131m\u0131n\u0131 azaltmak i\u00e7in h\u0131zl\u0131 tan\u0131 y\u00f6ntemlerinin kullan\u0131lmas\u0131n\u0131 \u00f6nerdi\u011fini hat\u0131rlayacakt\u0131r; bu nedenle NIHR&#039;nin bu \u00f6nemli klinik deneyi finanse etmeyi se\u00e7mesinden dolay\u0131 \u00e7ok mutluyum. Profes\u00f6r Hay&#039;in \u00f6nceki ara\u015ft\u0131rmalar\u0131ndan, bu testlerin pratisyen hekimler ve hem\u015fireler aras\u0131nda pop\u00fcler oldu\u011funu biliyoruz. Bu deneyle, bu testlerin ne kadar etkili olabilece\u011fini \u00f6\u011frenme f\u0131rsat\u0131 do\u011fuyor.\u201d<\/p><\/blockquote>\n<p>Dava hakk\u0131nda daha fazla bilgi i\u00e7in l\u00fctfen ziyaret edin. <a href=\"https:\/\/rapidtest.blogs.bristol.ac.uk\/\" rel=\"noopener\">\u00e7al\u0131\u015fma web sitesi<\/a>. Bristol \u00dcniversitesi Akademik Birinci Basamak Sa\u011fl\u0131k Merkezi&#039;nin tam a\u00e7\u0131klamas\u0131n\u0131 okuyun. <a href=\"http:\/\/www.bristol.ac.uk\/primaryhealthcare\/news\/2022\/rapid-test-launch.html\" target=\"_blank\" rel=\"noopener\">Burada<\/a>.<\/p>\n<p>\u0130ngiltere&#039;nin G\u00fcney Bat\u0131 b\u00f6lgesinde \u00e7al\u0131\u015fmaya kat\u0131lmak isteyen aile hekimli\u011fi uygulamalar\u0131, \u00e7al\u0131\u015fma ekibiyle ileti\u015fime ge\u00e7melidir. <a href=\"mailto:rapidtest-study@bristol.ac.uk\">rapidtest-study@bristol.ac.uk<\/a>.<\/p>\n<p>Bu hafta <a href=\"https:\/\/www.paho.org\/en\/campaigns\/world-antimicrobial-awareness-week-2022#:~:text=The%20slogan%20of%20World%20Antimicrobial,to%2024%20November%20every%20year.\" rel=\"noopener\">D\u00fcnya Antimikrobiyal Fark\u0131ndal\u0131k Haftas\u0131<\/a> (18-24 Kas\u0131m).<\/p>\n  <\/div>\r\n    <div class=\"mt-5 flex flex-row gap-x-6 uppercase text-lg font-bold text-primary items-center leading-normal\">\n    <div class=\"scriptlesssocialsharing\"><p class=\"scriptlesssocialsharing__heading\">Payla\u015fmak:<\/p><div class=\"scriptlesssocialsharing__buttons\"><a class=\"button twitter\" target=\"_blank\" href=\"https:\/\/twitter.com\/intent\/tweet?text=Do%20rapid%20tests%20reduce%20antibiotic%20prescribing%20in%20primary%20care%3F&#038;url=https%3A%2F%2Fbnssghealthiertogether.org.uk%2Ftr%2Fnews%2Fnew-trial-to-assess-whether-rapid-tests-reduce-antibiotic-prescribing-for-respiratory-infections-in-primary-care%2F&#038;via=nhsuk&#038;related=nhsuk\" rel=\"noopener noreferrer nofollow\"><svg xmlns=\"http:\/\/www.w3.org\/2000\/svg\" viewbox=\"0 0 512 512\" class=\"scriptlesssocialsharing__icon twitter\" fill=\"currentcolor\" height=\"1em\" width=\"1em\" aria-hidden=\"true\" focusable=\"false\" role=\"img\"><!--! Font Awesome Pro 6.4.2 by @fontawesome - https:\/\/fontawesome.com License - https:\/\/fontawesome.com\/license (Commercial License) Copyright 2023 Fonticons, Inc. --><path d=\"M389.2 48h70.6L305.6 224.2 487 464H345L233.7 318.6 106.5 464H35.8L200.7 275.5 26.8 48H172.4L272.9 180.9 389.2 48zM364.4 421.8h39.1L151.1 88h-42L364.4 421.8z\"><\/path><\/svg>\n<span class=\"screen-reader-text\">Share on X (Twitter)<\/span><\/a><a class=\"button facebook\" target=\"_blank\" href=\"https:\/\/www.facebook.com\/sharer\/sharer.php?u=https%3A%2F%2Fbnssghealthiertogether.org.uk%2Ftr%2Fnews%2Fnew-trial-to-assess-whether-rapid-tests-reduce-antibiotic-prescribing-for-respiratory-infections-in-primary-care%2F\" rel=\"noopener noreferrer nofollow\"><svg xmlns=\"http:\/\/www.w3.org\/2000\/svg\" viewbox=\"0 0 320 512\" class=\"scriptlesssocialsharing__icon facebook\" fill=\"currentcolor\" height=\"1em\" width=\"1em\" aria-hidden=\"true\" focusable=\"false\" role=\"img\"><!-- Font Awesome Free 5.15.4 by @fontawesome - https:\/\/fontawesome.com License - https:\/\/fontawesome.com\/license\/free (Icons: CC BY 4.0, Fonts: SIL OFL 1.1, Code: MIT License) --><path d=\"M279.14 288l14.22-92.66h-88.91v-60.13c0-25.35 12.42-50.06 52.24-50.06h40.42V6.26S260.43 0 225.36 0c-73.22 0-121.08 44.38-121.08 124.72v70.62H22.89V288h81.39v224h100.17V288z\"><\/path><\/svg>\n<span class=\"screen-reader-text\">Share on Facebook<\/span><\/a><a class=\"button linkedin\" target=\"_blank\" href=\"https:\/\/www.linkedin.com\/shareArticle?mini=1&#038;url=https%3A%2F%2Fbnssghealthiertogether.org.uk%2Ftr%2Fnews%2Fnew-trial-to-assess-whether-rapid-tests-reduce-antibiotic-prescribing-for-respiratory-infections-in-primary-care%2F&#038;title=Do%20rapid%20tests%20reduce%20antibiotic%20prescribing%20in%20primary%20care%3F&#038;source=https%3A%2F%2Fbnssghealthiertogether.org.uk%2Ftr&#038;summary=Researchers%20supported%20by%20the%20Integrated%20Care%20Board%20will%20investigate%20whether%20rapid%20microbiological%20%E2%80%98point-of-care%E2%80%99%20tests%20for%20respiratory%20infections%20could%20reduce%20antibiotic%20prescribing%20in%20primary%20care.\" rel=\"noopener noreferrer nofollow\"><svg xmlns=\"http:\/\/www.w3.org\/2000\/svg\" viewbox=\"0 0 448 512\" class=\"scriptlesssocialsharing__icon linkedin\" fill=\"currentcolor\" height=\"1em\" width=\"1em\" aria-hidden=\"true\" focusable=\"false\" role=\"img\"><!-- Font Awesome Free 5.15.4 by @fontawesome - https:\/\/fontawesome.com License - https:\/\/fontawesome.com\/license\/free (Icons: CC BY 4.0, Fonts: SIL OFL 1.1, Code: MIT License) --><path d=\"M100.28 448H7.4V148.9h92.88zM53.79 108.1C24.09 108.1 0 83.5 0 53.8a53.79 53.79 0 0 1 107.58 0c0 29.7-24.1 54.3-53.79 54.3zM447.9 448h-92.68V302.4c0-34.7-.7-79.2-48.29-79.2-48.29 0-55.69 37.7-55.69 76.7V448h-92.78V148.9h89.08v40.8h1.3c12.4-23.5 42.69-48.3 87.88-48.3 94 0 111.28 61.9 111.28 142.3V448z\"><\/path><\/svg>\n<span class=\"screen-reader-text\">Share on LinkedIn<\/span><\/a><a class=\"button email\" href=\"mailto:?body=I%20read%20this%20post%20and%20wanted%20to%20share%20it%20with%20you.%20Here%27s%20the%20link%3A%20https%3A%2F%2Fbnssghealthiertogether.org.uk%2Ftr%2Fnews%2Fnew-trial-to-assess-whether-rapid-tests-reduce-antibiotic-prescribing-for-respiratory-infections-in-primary-care%2F&#038;subject=A%20post%20worth%20sharing%3A%20Do%20rapid%20tests%20reduce%20antibiotic%20prescribing%20in%20primary%20care%3F\" rel=\"noopener noreferrer nofollow\" ><svg xmlns=\"http:\/\/www.w3.org\/2000\/svg\" viewbox=\"0 0 512 512\" class=\"scriptlesssocialsharing__icon email\" fill=\"currentcolor\" height=\"1em\" width=\"1em\" aria-hidden=\"true\" focusable=\"false\" role=\"img\"><!-- Font Awesome Free 5.15.4 by @fontawesome - https:\/\/fontawesome.com License - https:\/\/fontawesome.com\/license\/free (Icons: CC BY 4.0, Fonts: SIL OFL 1.1, Code: MIT License) --><path d=\"M502.3 190.8c3.9-3.1 9.7-.2 9.7 4.7V400c0 26.5-21.5 48-48 48H48c-26.5 0-48-21.5-48-48V195.6c0-5 5.7-7.8 9.7-4.7 22.4 17.4 52.1 39.5 154.1 113.6 21.1 15.4 56.7 47.8 92.2 47.6 35.7.3 72-32.8 92.3-47.6 102-74.1 131.6-96.3 154-113.7zM256 320c23.2.4 56.6-29.2 73.4-41.4 132.7-96.3 142.8-104.7 173.4-128.7 5.8-4.5 9.2-11.5 9.2-18.9v-19c0-26.5-21.5-48-48-48H48C21.5 64 0 85.5 0 112v19c0 7.4 3.4 14.3 9.2 18.9 30.6 23.9 40.7 32.4 173.4 128.7 16.8 12.2 50.2 41.8 73.4 41.4z\"><\/path><\/svg>\n<span class=\"screen-reader-text\">Share on Email<\/span><\/a><\/div><\/div>  <\/div>\n<\/section><\/div><!-- .assembler_text-module.assembler_module.assembler_text-module_1.assembler_module_1..transparent --><\/div><!-- .assembler_module_area.assembler_module_area_1 --><\/div><!-- .assembler_default-group.assembler_module_group.assembler_default-group_1.assembler_module_group_1  -->","protected":false},"excerpt":{"rendered":"<p>Entegre Bak\u0131m Kurulu taraf\u0131ndan desteklenen ara\u015ft\u0131rmac\u0131lar, solunum yolu enfeksiyonlar\u0131 i\u00e7in h\u0131zl\u0131 mikrobiyolojik &#039;yerinde&#039; testlerin birinci basamak sa\u011fl\u0131k hizmetlerinde antibiyotik re\u00e7eteleme oran\u0131n\u0131 azalt\u0131p azaltamayaca\u011f\u0131n\u0131 ara\u015ft\u0131racaklar.<\/p>","protected":false},"author":7,"featured_media":0,"comment_status":"closed","ping_status":"closed","sticky":false,"template":"","format":"standard","meta":{"_acf_changed":false,"footnotes":""},"categories":[293],"tags":[],"class_list":["post-12842","post","type-post","status-publish","format-standard","hentry","category-research-and-evidence"],"acf":[],"_links":{"self":[{"href":"https:\/\/bnssghealthiertogether.org.uk\/tr\/wp-json\/wp\/v2\/posts\/12842","targetHints":{"allow":["GET"]}}],"collection":[{"href":"https:\/\/bnssghealthiertogether.org.uk\/tr\/wp-json\/wp\/v2\/posts"}],"about":[{"href":"https:\/\/bnssghealthiertogether.org.uk\/tr\/wp-json\/wp\/v2\/types\/post"}],"author":[{"embeddable":true,"href":"https:\/\/bnssghealthiertogether.org.uk\/tr\/wp-json\/wp\/v2\/users\/7"}],"replies":[{"embeddable":true,"href":"https:\/\/bnssghealthiertogether.org.uk\/tr\/wp-json\/wp\/v2\/comments?post=12842"}],"version-history":[{"count":0,"href":"https:\/\/bnssghealthiertogether.org.uk\/tr\/wp-json\/wp\/v2\/posts\/12842\/revisions"}],"wp:attachment":[{"href":"https:\/\/bnssghealthiertogether.org.uk\/tr\/wp-json\/wp\/v2\/media?parent=12842"}],"wp:term":[{"taxonomy":"category","embeddable":true,"href":"https:\/\/bnssghealthiertogether.org.uk\/tr\/wp-json\/wp\/v2\/categories?post=12842"},{"taxonomy":"post_tag","embeddable":true,"href":"https:\/\/bnssghealthiertogether.org.uk\/tr\/wp-json\/wp\/v2\/tags?post=12842"}],"curies":[{"name":"wp","href":"https:\/\/api.w.org\/{rel}","templated":true}]}}