{"id":614,"date":"2022-06-22T15:48:31","date_gmt":"2022-06-22T14:48:31","guid":{"rendered":"https:\/\/bnssghealthiertogether.org.uk\/?p=614"},"modified":"2022-12-08T11:00:29","modified_gmt":"2022-12-08T11:00:29","slug":"covid-19-vaccination-programme-recognised-in-patient-safety-awards","status":"publish","type":"post","link":"https:\/\/bnssghealthiertogether.org.uk\/tr\/news\/covid-19-vaccination-programme-recognised-in-patient-safety-awards\/","title":{"rendered":"Covid-19 A\u015f\u0131lama Program\u0131 Hasta G\u00fcvenli\u011fi \u00d6d\u00fcllerinde Takdir Edildi"},"content":{"rendered":"<div class=\"assembler_default-group assembler_module_group assembler_default-group_1 assembler_module_group_1\"><div class=\"assembler_module_area assembler_module_area_1\"><div class=\"assembler_text-module assembler_module assembler_text-module_1 assembler_module_1  transparent\"><a tabindex=\"-1\" title=\"Mod\u00fcl-1 ba\u015fl\u0131kl\u0131 b\u00f6l\u00fcm\" id=\"module-1\" href=\"https:\/\/bnssghealthiertogether.org.uk\/tr\/wp-json\/wp\/v2\/posts\/614\/#module-1\" class=\"anchor\"><span class=\"hidden\">Mod\u00fcl-1 ba\u015fl\u0131kl\u0131 b\u00f6l\u00fcm<\/span><\/a><!-- Template found for text-module - Template: template-text - Matched: _only --><section class=\"w-full mx-auto max-w-content pt-12 sm:pt-24 pb-12 sm:pb-24\">\r\n  <div class=\"entry-content w-full !px-0 max-w-small\">\r\n        <h1>Covid-19 A\u015f\u0131lama Program\u0131 Hasta G\u00fcvenli\u011fi \u00d6d\u00fcllerinde Takdir Edildi<\/h1>\n<p>22 Haziran 2022<\/p>\n<p>Yerel Covid-19 A\u015f\u0131lama Program\u0131m\u0131z, 2022 Sa\u011fl\u0131k Hizmetleri Dergisi Hasta G\u00fcvenli\u011fi \u00d6d\u00fclleri&#039;nde &quot;Az\u0131nl\u0131k Etnik Topluluklar \u0130\u00e7in Sa\u011fl\u0131k Sonu\u00e7lar\u0131n\u0131 \u0130yile\u015ftirme&quot; kategorisinde finalist oldu. Program, i\u00e7g\u00f6r\u00fc odakl\u0131 yakla\u015f\u0131m\u0131 ve sa\u011fl\u0131k sistemimizdeki t\u00fcm kurulu\u015flar\u0131n az\u0131nl\u0131k etnik topluluklar aras\u0131nda Covid-19 a\u015f\u0131s\u0131 kullan\u0131m\u0131n\u0131 en \u00fcst d\u00fczeye \u00e7\u0131karmak i\u00e7in birlikte \u00e7al\u0131\u015fma bi\u00e7imi nedeniyle takdir edildi.<\/p>\n<p>Aral\u0131k 2020&#039;de Covid-19 a\u015f\u0131lama program\u0131n\u0131n ba\u015flang\u0131c\u0131nda yap\u0131lan halk sa\u011fl\u0131\u011f\u0131 istihbarat\u0131 analizi, az\u0131nl\u0131k etnik topluluklar\u0131ndan insanlar\u0131n \u00fc\u00e7l\u00fc bir tehditle kar\u015f\u0131 kar\u015f\u0131ya oldu\u011funu g\u00f6sterdi:<\/p>\n<ul>\n<li>koronavir\u00fcse yakalanma olas\u0131l\u0131\u011f\u0131 daha y\u00fcksek,<\/li>\n<li>Vir\u00fcsten dolay\u0131 daha ciddi \u015fekilde hastalanmak ve<\/li>\n<li>a\u015f\u0131 olma olas\u0131l\u0131\u011f\u0131n\u0131n daha d\u00fc\u015f\u00fck olmas\u0131<\/li>\n<\/ul>\n<p>A\u015f\u0131 Program\u0131 ve sa\u011fl\u0131k hizmeti ortaklar\u0131m\u0131z, Bristol, Kuzey Somerset ve G\u00fcney Gloucestershire (BNSSG) genelinde yerel d\u00fczeyde e\u015fit ortaklar olarak topluluklar taraf\u0131ndan y\u00f6netildi ve onlarla birlikte \u00e7al\u0131\u015ft\u0131. Sonu\u00e7, g\u00fcven olu\u015fturmada ve az\u0131nl\u0131k etnik topluluklar\u0131n\u0131n Covid-19 a\u015f\u0131s\u0131 hakk\u0131ndaki derin ve me\u015fru endi\u015felerinin \u00fcstesinden gelmeye ba\u015flamada d\u00f6n\u00fc\u015ft\u00fcr\u00fcc\u00fc oldu.<\/p>\n<p>BNSSG Covid-19 A\u015f\u0131lama Program\u0131 Y\u00f6neticisi Clare Armour \u015funlar\u0131 s\u00f6yledi:<\/p>\n<blockquote><p>\u201cBu \u00f6d\u00fcle aday g\u00f6sterilmekten dolay\u0131 \u00e7ok heyecanl\u0131y\u0131z. Bu \u00f6d\u00fcl, yerel topluluklar\u0131m\u0131z\u0131n Covid-19&#039;dan etkilenen insanlar\u0131 desteklemek ve a\u015f\u0131yla korunmalar\u0131n\u0131 sa\u011flamak i\u00e7in yapt\u0131\u011f\u0131 inan\u0131lmaz \u00e7al\u0131\u015fmalar\u0131 takdir ediyor.\u201d.<\/p>\n<p>\u201cTopluluklarla kurdu\u011fumuz ortakl\u0131k yakla\u015f\u0131m\u0131 ve muhte\u015fem yerel y\u00f6netim ekipleri, insanlar\u0131n hayatlar\u0131nda ger\u00e7ek bir fark yaratt\u0131 ve onlarla birlikte \u00e7al\u0131\u015fm\u0131\u015f olmaktan son derece gurur duyuyoruz.\u201d<\/p><\/blockquote>\n<p>2022 k\u0131sa listesinin tamam\u0131na \u015fu adresten ula\u015fabilirsiniz: <a href=\"https:\/\/awards.patientsafetycongress.co.uk\/shortlist-2022?mkt_tok=OTM2LUZSWi03MTkAAAGFH8AVZHIgUEcFAPq4qAzzfX-M-p6tH0RHPoyp7fdG5Yf1FgCaiFij4sjpdBRKh_TYWGE3KO0K71hx79fnQsrXaEGpCAournau3cVRk8dLVqYt7uY\" rel=\"noopener\">HSJ web sitesi<\/a>. Kazananlar 15 Eyl\u00fcl 2022&#039;de a\u00e7\u0131klanacak.<\/p>\n  <\/div>\r\n    <div class=\"mt-5 flex flex-row gap-x-6 uppercase text-lg font-bold text-primary items-center leading-normal\">\n    <div class=\"scriptlesssocialsharing\"><p class=\"scriptlesssocialsharing__heading\">Payla\u015fmak:<\/p><div class=\"scriptlesssocialsharing__buttons\"><a class=\"button twitter\" target=\"_blank\" href=\"https:\/\/twitter.com\/intent\/tweet?text=Covid-19%20Vaccination%20Programme%20recognised%20in%20Patient%20Safety%20Awards&#038;url=https%3A%2F%2Fbnssghealthiertogether.org.uk%2Ftr%2Fnews%2Fcovid-19-vaccination-programme-recognised-in-patient-safety-awards%2F&#038;via=nhsuk&#038;related=nhsuk\" rel=\"noopener noreferrer nofollow\"><svg xmlns=\"http:\/\/www.w3.org\/2000\/svg\" viewbox=\"0 0 512 512\" class=\"scriptlesssocialsharing__icon twitter\" fill=\"currentcolor\" height=\"1em\" width=\"1em\" aria-hidden=\"true\" focusable=\"false\" role=\"img\"><!--! Font Awesome Pro 6.4.2 by @fontawesome - https:\/\/fontawesome.com License - https:\/\/fontawesome.com\/license (Commercial License) Copyright 2023 Fonticons, Inc. --><path d=\"M389.2 48h70.6L305.6 224.2 487 464H345L233.7 318.6 106.5 464H35.8L200.7 275.5 26.8 48H172.4L272.9 180.9 389.2 48zM364.4 421.8h39.1L151.1 88h-42L364.4 421.8z\"><\/path><\/svg>\n<span class=\"screen-reader-text\">Share on X (Twitter)<\/span><\/a><a class=\"button facebook\" target=\"_blank\" href=\"https:\/\/www.facebook.com\/sharer\/sharer.php?u=https%3A%2F%2Fbnssghealthiertogether.org.uk%2Ftr%2Fnews%2Fcovid-19-vaccination-programme-recognised-in-patient-safety-awards%2F\" rel=\"noopener noreferrer nofollow\"><svg xmlns=\"http:\/\/www.w3.org\/2000\/svg\" viewbox=\"0 0 320 512\" class=\"scriptlesssocialsharing__icon facebook\" fill=\"currentcolor\" height=\"1em\" width=\"1em\" aria-hidden=\"true\" focusable=\"false\" role=\"img\"><!-- Font Awesome Free 5.15.4 by @fontawesome - https:\/\/fontawesome.com License - https:\/\/fontawesome.com\/license\/free (Icons: CC BY 4.0, Fonts: SIL OFL 1.1, Code: MIT License) --><path d=\"M279.14 288l14.22-92.66h-88.91v-60.13c0-25.35 12.42-50.06 52.24-50.06h40.42V6.26S260.43 0 225.36 0c-73.22 0-121.08 44.38-121.08 124.72v70.62H22.89V288h81.39v224h100.17V288z\"><\/path><\/svg>\n<span class=\"screen-reader-text\">Share on Facebook<\/span><\/a><a class=\"button linkedin\" target=\"_blank\" href=\"https:\/\/www.linkedin.com\/shareArticle?mini=1&#038;url=https%3A%2F%2Fbnssghealthiertogether.org.uk%2Ftr%2Fnews%2Fcovid-19-vaccination-programme-recognised-in-patient-safety-awards%2F&#038;title=Covid-19%20Vaccination%20Programme%20recognised%20in%20Patient%20Safety%20Awards&#038;source=https%3A%2F%2Fbnssghealthiertogether.org.uk%2Ftr&#038;summary=Our%20local%20Covid-19%20Vaccination%20Programme%20is%20a%20finalist%20in%20the%20Improving%20Health%20Outcomes%20for%20Minority%20Ethnic%20Communities%20category%20of%20the%202022%20Health%20Service%20Journal%20Patient%20Safety%20Awards.\" rel=\"noopener noreferrer nofollow\"><svg xmlns=\"http:\/\/www.w3.org\/2000\/svg\" viewbox=\"0 0 448 512\" class=\"scriptlesssocialsharing__icon linkedin\" fill=\"currentcolor\" height=\"1em\" width=\"1em\" aria-hidden=\"true\" focusable=\"false\" role=\"img\"><!-- Font Awesome Free 5.15.4 by @fontawesome - https:\/\/fontawesome.com License - https:\/\/fontawesome.com\/license\/free (Icons: CC BY 4.0, Fonts: SIL OFL 1.1, Code: MIT License) --><path d=\"M100.28 448H7.4V148.9h92.88zM53.79 108.1C24.09 108.1 0 83.5 0 53.8a53.79 53.79 0 0 1 107.58 0c0 29.7-24.1 54.3-53.79 54.3zM447.9 448h-92.68V302.4c0-34.7-.7-79.2-48.29-79.2-48.29 0-55.69 37.7-55.69 76.7V448h-92.78V148.9h89.08v40.8h1.3c12.4-23.5 42.69-48.3 87.88-48.3 94 0 111.28 61.9 111.28 142.3V448z\"><\/path><\/svg>\n<span class=\"screen-reader-text\">Share on LinkedIn<\/span><\/a><a class=\"button email\" href=\"mailto:?body=I%20read%20this%20post%20and%20wanted%20to%20share%20it%20with%20you.%20Here%27s%20the%20link%3A%20https%3A%2F%2Fbnssghealthiertogether.org.uk%2Ftr%2Fnews%2Fcovid-19-vaccination-programme-recognised-in-patient-safety-awards%2F&#038;subject=A%20post%20worth%20sharing%3A%20Covid-19%20Vaccination%20Programme%20recognised%20in%20Patient%20Safety%20Awards\" rel=\"noopener noreferrer nofollow\" ><svg xmlns=\"http:\/\/www.w3.org\/2000\/svg\" viewbox=\"0 0 512 512\" class=\"scriptlesssocialsharing__icon email\" fill=\"currentcolor\" height=\"1em\" width=\"1em\" aria-hidden=\"true\" focusable=\"false\" role=\"img\"><!-- Font Awesome Free 5.15.4 by @fontawesome - https:\/\/fontawesome.com License - https:\/\/fontawesome.com\/license\/free (Icons: CC BY 4.0, Fonts: SIL OFL 1.1, Code: MIT License) --><path d=\"M502.3 190.8c3.9-3.1 9.7-.2 9.7 4.7V400c0 26.5-21.5 48-48 48H48c-26.5 0-48-21.5-48-48V195.6c0-5 5.7-7.8 9.7-4.7 22.4 17.4 52.1 39.5 154.1 113.6 21.1 15.4 56.7 47.8 92.2 47.6 35.7.3 72-32.8 92.3-47.6 102-74.1 131.6-96.3 154-113.7zM256 320c23.2.4 56.6-29.2 73.4-41.4 132.7-96.3 142.8-104.7 173.4-128.7 5.8-4.5 9.2-11.5 9.2-18.9v-19c0-26.5-21.5-48-48-48H48C21.5 64 0 85.5 0 112v19c0 7.4 3.4 14.3 9.2 18.9 30.6 23.9 40.7 32.4 173.4 128.7 16.8 12.2 50.2 41.8 73.4 41.4z\"><\/path><\/svg>\n<span class=\"screen-reader-text\">Share on Email<\/span><\/a><\/div><\/div>  <\/div>\n<\/section><\/div><!-- .assembler_text-module.assembler_module.assembler_text-module_1.assembler_module_1..transparent --><\/div><!-- .assembler_module_area.assembler_module_area_1 --><\/div><!-- .assembler_default-group.assembler_module_group.assembler_default-group_1.assembler_module_group_1  -->","protected":false},"excerpt":{"rendered":"<p>Yerel Covid-19 A\u015f\u0131lama Program\u0131m\u0131z, 2022 Sa\u011fl\u0131k Hizmetleri Dergisi Hasta G\u00fcvenli\u011fi \u00d6d\u00fclleri&#039;nde &quot;Az\u0131nl\u0131k Etnik Topluluklar \u0130\u00e7in Sa\u011fl\u0131k Sonu\u00e7lar\u0131n\u0131 \u0130yile\u015ftirme&quot; kategorisinde finalist oldu.<\/p>","protected":false},"author":7,"featured_media":0,"comment_status":"closed","ping_status":"closed","sticky":false,"template":"","format":"standard","meta":{"_acf_changed":false,"footnotes":""},"categories":[24],"tags":[],"class_list":["post-614","post","type-post","status-publish","format-standard","hentry","category-covid-19"],"acf":[],"_links":{"self":[{"href":"https:\/\/bnssghealthiertogether.org.uk\/tr\/wp-json\/wp\/v2\/posts\/614","targetHints":{"allow":["GET"]}}],"collection":[{"href":"https:\/\/bnssghealthiertogether.org.uk\/tr\/wp-json\/wp\/v2\/posts"}],"about":[{"href":"https:\/\/bnssghealthiertogether.org.uk\/tr\/wp-json\/wp\/v2\/types\/post"}],"author":[{"embeddable":true,"href":"https:\/\/bnssghealthiertogether.org.uk\/tr\/wp-json\/wp\/v2\/users\/7"}],"replies":[{"embeddable":true,"href":"https:\/\/bnssghealthiertogether.org.uk\/tr\/wp-json\/wp\/v2\/comments?post=614"}],"version-history":[{"count":3,"href":"https:\/\/bnssghealthiertogether.org.uk\/tr\/wp-json\/wp\/v2\/posts\/614\/revisions"}],"predecessor-version":[{"id":3738,"href":"https:\/\/bnssghealthiertogether.org.uk\/tr\/wp-json\/wp\/v2\/posts\/614\/revisions\/3738"}],"wp:attachment":[{"href":"https:\/\/bnssghealthiertogether.org.uk\/tr\/wp-json\/wp\/v2\/media?parent=614"}],"wp:term":[{"taxonomy":"category","embeddable":true,"href":"https:\/\/bnssghealthiertogether.org.uk\/tr\/wp-json\/wp\/v2\/categories?post=614"},{"taxonomy":"post_tag","embeddable":true,"href":"https:\/\/bnssghealthiertogether.org.uk\/tr\/wp-json\/wp\/v2\/tags?post=614"}],"curies":[{"name":"wp","href":"https:\/\/api.w.org\/{rel}","templated":true}]}}